[{"@context":"https:\/\/schema.org\/","@type":"Article","@id":"https:\/\/www.bringer.sk\/najvacsie-modne-katastrofy\/#Article","mainEntityOfPage":"https:\/\/www.bringer.sk\/najvacsie-modne-katastrofy\/","headline":"Najv\u00e4\u010d\u0161ie m\u00f3dne katastrofy","name":"Najv\u00e4\u010d\u0161ie m\u00f3dne katastrofy","description":"V\u00a0m\u00f3de cel\u00e9ho sveta sa ob\u010das uchytia aj tak\u00e9 k\u00fasky, ktor\u00e9 nie s\u00fa v\u017edy pod\u013ea na\u0161ej chuti a\u00a0nepolahodia moc na\u0161im o\u010diam. Av\u0161ak tak r\u00fdchlo ako vznikn\u00fa sa na ne aj zabudne. Potom s\u00fa tu v\u0161ak tak\u00e9, ktor\u00e9 sa vo svete m\u00f3dy uchytia aj napriek tomu, \u017ee nie s\u00fa pr\u00e1ve najkraj\u0161ie. Dostan\u00fa sa do toho neust\u00e1leho kolobehu, [&hellip;]","datePublished":"2019-03-27","dateModified":"2023-04-26","author":{"@type":"Person","@id":"https:\/\/www.bringer.sk\/author\/#Person","name":"","url":"https:\/\/www.bringer.sk\/author\/","identifier":1,"image":{"@type":"ImageObject","@id":"https:\/\/secure.gravatar.com\/avatar\/ac70c9e5ac34d1687bd81eed3e0a5127e2920111fdfe832b53d740bc4b86c4fd?s=96&d=mm&r=g","url":"https:\/\/secure.gravatar.com\/avatar\/ac70c9e5ac34d1687bd81eed3e0a5127e2920111fdfe832b53d740bc4b86c4fd?s=96&d=mm&r=g","height":96,"width":96}},"publisher":{"@type":"Organization","name":"bringer.sk","logo":{"@type":"ImageObject","@id":"\/logo.png","url":"\/logo.png","width":600,"height":60}},"image":{"@type":"ImageObject","@id":"https:\/\/www.bringer.sk\/wp-content\/uploads\/img_a301462_w16534_t1558977380.jpg","url":"https:\/\/www.bringer.sk\/wp-content\/uploads\/img_a301462_w16534_t1558977380.jpg","height":0,"width":0},"url":"https:\/\/www.bringer.sk\/najvacsie-modne-katastrofy\/","wordCount":387,"articleBody":"V\u00a0m\u00f3de cel\u00e9ho sveta sa ob\u010das uchytia aj tak\u00e9 k\u00fasky, ktor\u00e9 nie s\u00fa v\u017edy pod\u013ea na\u0161ej chuti a\u00a0nepolahodia moc na\u0161im o\u010diam. Av\u0161ak tak r\u00fdchlo ako vznikn\u00fa sa na ne aj zabudne. Potom s\u00fa tu v\u0161ak tak\u00e9, ktor\u00e9 sa vo svete m\u00f3dy uchytia aj napriek tomu, \u017ee nie s\u00fa pr\u00e1ve najkraj\u0161ie. Dostan\u00fa sa do toho neust\u00e1leho kolobehu, a\u00a0zrazu ich m\u00f4\u017eeme spozorova\u0165 vo v\u0161etk\u00fdch obchodoch a\u00a0butikoch v\u00a0n\u00e1kupn\u00fdch centr\u00e1ch.Toto s\u00fa niektor\u00e9 z\u00a0nich:\t\tStiahnut\u00e9 nohaviceToto bolo ist\u00fa chv\u00ed\u013eu naozaj uchyten\u00fdm trendom hlavne t\u00edned\u017eersk\u00fdch chlapcov, ktor\u00ed sa chceli podoba\u0165 na svojich idolov. Teda hlavne na hiphoperov a raperov, ktor\u00ed pokladali tento k\u00fasok za \u0161t\u00fdlovej\u0161\u00ed a\u00a0typick\u00fd pre ich \u0161t\u00fdl hudby. Na\u0161\u0165astie tento trend u\u017e zo sc\u00e9ny zmizol.\t\tHighlighterom o\u017eiaren\u00e1 tv\u00e1rV\u00a0dne\u0161nej dobe sa tento k\u00fasok kozmetiky vracia sp\u00e4\u0165 do drog\u00e9ri\u00ed a\u00a0kozmetick\u00fdch predajn\u00ed. V\u00a0minulosti sa v\u0161ak pou\u017e\u00edval tie\u017e. No nie tak ako dnes. Dnes si \u017eeny aplikuj\u00fa highlighter na tie miesta, ktor\u00e9 naozaj potom dok\u00e1\u017eu doda\u0165 \u0161mrnc \u017eenskej tv\u00e1ri. V\u00a0minulosti v\u0161ak chceli ma\u0165 roz\u017eiaren\u00fa cel\u00fa tv\u00e1r, a\u00a0tak pou\u017e\u00edvali highlighter na ka\u017ed\u00fa \u010das\u0165 poko\u017eky.\t\tTepl\u00e1kov\u00e1 s\u00fapravaTeraz nem\u00e1m na mysli tepl\u00e1kov\u00e9 s\u00fapravy, ktor\u00e9 sa pou\u017e\u00edvaj\u00fa dnes, ale naopak s\u00fapravy, ktor\u00e9 sa skladali zo zvoncov\u00fdch tepl\u00e1kov, a\u00a0roz\u0165ahanej mikiny. Tieto s\u00fapravy dok\u00e1zali hlavne \u017een\u00e1m ve\u013emi nepekne zdeformova\u0165 postavu, a\u00a0preto sa na\u0161\u0165astie strihy t\u00fdchto k\u00faskov oble\u010denia zmenili tak, aby na\u0161u postavu pr\u00e1ve naopak zv\u00fdraznili.\t\tVypch\u00e1vky na ramen\u00e1chTento trend bol ve\u013emi popul\u00e1rny u\u00a0\u017eien, \u010di u\u017e v\u00a0sak\u00e1ch, alebo dokonca aj v\u00a0\u0161at\u00e1ch. Av\u0161ak takisto vedeli nie pr\u00e1ve pekne zv\u00fdrazni\u0165 \u017eensk\u00e9 krivky.\t\tTrval\u00e1Pred nieko\u013ek\u00fdmi desiatkami rokov bol tento vlasov\u00fd trend naozaj popul\u00e1rny tak ako u\u00a0\u017eien, aj u\u00a0mu\u017eov. Dnes sa v\u0161ak poklad\u00e1 za nie\u010do, \u010do kr\u00e1su vlasov nezv\u00fdraz\u0148uje, ale naopak ju potl\u00e1\u010da.\u00a0A\u00a0\u010do pova\u017eujete za m\u00f3dne katastrofy vy?                                                                                                                                                                                                                                                                                                                                                                                        4.1\/5 - (11 votes)        "},{"@context":"https:\/\/schema.org\/","@type":"BreadcrumbList","itemListElement":[{"@type":"ListItem","position":1,"name":"Najv\u00e4\u010d\u0161ie m\u00f3dne katastrofy","item":"https:\/\/www.bringer.sk\/najvacsie-modne-katastrofy\/#breadcrumbitem"}]}]