{"@context":"https:\/\/schema.org\/","@type":"CollectionPage","@id":"https:\/\/www.bringer.sk\/dom-a-zahrada\/#CollectionPage","headline":"Dom a z\u00e1hrada Category","description":"","url":"https:\/\/www.bringer.sk\/dom-a-zahrada\/","hasPart":[{"@type":"Article","@id":"https:\/\/www.bringer.sk\/staci-niekolko-mensich-uprav-a-mobilny-dom-mozete-povazovat-za-celorocne-byvanie\/","headline":"Sta\u010d\u00ed nieko\u013eko men\u0161\u00edch \u00faprav a mobiln\u00fd dom m\u00f4\u017eete pova\u017eova\u0165 za celoro\u010dn\u00e9 b\u00fdvanie","url":"https:\/\/www.bringer.sk\/staci-niekolko-mensich-uprav-a-mobilny-dom-mozete-povazovat-za-celorocne-byvanie\/","datePublished":"2022-04-13","dateModified":"2023-04-26","mainEntityOfPage":"https:\/\/www.bringer.sk\/staci-niekolko-mensich-uprav-a-mobilny-dom-mozete-povazovat-za-celorocne-byvanie\/","author":{"@type":"Person","@id":"https:\/\/www.bringer.sk\/author\/#Person","name":"","url":"https:\/\/www.bringer.sk\/author\/","identifier":1,"image":{"@type":"ImageObject","@id":"https:\/\/secure.gravatar.com\/avatar\/ac70c9e5ac34d1687bd81eed3e0a5127e2920111fdfe832b53d740bc4b86c4fd?s=96&d=mm&r=g","url":"https:\/\/secure.gravatar.com\/avatar\/ac70c9e5ac34d1687bd81eed3e0a5127e2920111fdfe832b53d740bc4b86c4fd?s=96&d=mm&r=g","height":96,"width":96}},"publisher":{"@type":"Organization","name":"bringer.sk","logo":{"@type":"ImageObject","@id":"\/logo.png","url":"\/logo.png","width":600,"height":60}},"image":{"@type":"ImageObject","@id":"https:\/\/www.bringer.sk\/wp-content\/uploads\/pexels-expect-best-323780_1.jpg","url":"https:\/\/www.bringer.sk\/wp-content\/uploads\/pexels-expect-best-323780_1.jpg","height":0,"width":0},"keywords":null},{"@type":"Article","@id":"https:\/\/www.bringer.sk\/nebavi-vas-posilnovna\/","headline":"Nebav\u00ed v\u00e1s posil\u0148ov\u0148a?","url":"https:\/\/www.bringer.sk\/nebavi-vas-posilnovna\/","datePublished":"2019-02-17","dateModified":"2023-04-26","mainEntityOfPage":"https:\/\/www.bringer.sk\/nebavi-vas-posilnovna\/","author":{"@type":"Person","@id":"https:\/\/www.bringer.sk\/author\/#Person","name":"","url":"https:\/\/www.bringer.sk\/author\/","identifier":1,"image":{"@type":"ImageObject","@id":"https:\/\/secure.gravatar.com\/avatar\/ac70c9e5ac34d1687bd81eed3e0a5127e2920111fdfe832b53d740bc4b86c4fd?s=96&d=mm&r=g","url":"https:\/\/secure.gravatar.com\/avatar\/ac70c9e5ac34d1687bd81eed3e0a5127e2920111fdfe832b53d740bc4b86c4fd?s=96&d=mm&r=g","height":96,"width":96}},"publisher":{"@type":"Organization","name":"bringer.sk","logo":{"@type":"ImageObject","@id":"\/logo.png","url":"\/logo.png","width":600,"height":60}},"image":{"@type":"ImageObject","@id":"https:\/\/www.bringer.sk\/wp-content\/uploads\/img_a299388_w16534_t1555508440.jpg","url":"https:\/\/www.bringer.sk\/wp-content\/uploads\/img_a299388_w16534_t1555508440.jpg","height":0,"width":0},"keywords":null},{"@type":"Article","@id":"https:\/\/www.bringer.sk\/sport\/","headline":"\u0160port","url":"https:\/\/www.bringer.sk\/sport\/","datePublished":"2018-04-21","dateModified":"2023-04-26","mainEntityOfPage":"https:\/\/www.bringer.sk\/sport\/","author":{"@type":"Person","@id":"https:\/\/www.bringer.sk\/author\/#Person","name":"","url":"https:\/\/www.bringer.sk\/author\/","identifier":1,"image":{"@type":"ImageObject","@id":"https:\/\/secure.gravatar.com\/avatar\/ac70c9e5ac34d1687bd81eed3e0a5127e2920111fdfe832b53d740bc4b86c4fd?s=96&d=mm&r=g","url":"https:\/\/secure.gravatar.com\/avatar\/ac70c9e5ac34d1687bd81eed3e0a5127e2920111fdfe832b53d740bc4b86c4fd?s=96&d=mm&r=g","height":96,"width":96}},"publisher":{"@type":"Organization","name":"bringer.sk","logo":{"@type":"ImageObject","@id":"\/logo.png","url":"\/logo.png","width":600,"height":60}},"image":{"@type":"ImageObject","@id":"https:\/\/www.bringer.sk\/wp-content\/uploads\/img_a288730_w16534_t1529594955.jpg","url":"https:\/\/www.bringer.sk\/wp-content\/uploads\/img_a288730_w16534_t1529594955.jpg","height":0,"width":0},"keywords":null},{"@type":"Article","@id":"https:\/\/www.bringer.sk\/ny-rangers-zraneneho-pavelca-mal-v-brane-udajne-nahradit-marek-mazanec\/","headline":"NY Rangers: Zranen\u00e9ho Pavelca mal v br\u00e1ne \u00fadajne nahradi\u0165 Marek Mazanec","url":"https:\/\/www.bringer.sk\/ny-rangers-zraneneho-pavelca-mal-v-brane-udajne-nahradit-marek-mazanec\/","datePublished":"2018-01-10","dateModified":"2023-04-26","mainEntityOfPage":"https:\/\/www.bringer.sk\/ny-rangers-zraneneho-pavelca-mal-v-brane-udajne-nahradit-marek-mazanec\/","author":{"@type":"Person","@id":"https:\/\/www.bringer.sk\/author\/#Person","name":"","url":"https:\/\/www.bringer.sk\/author\/","identifier":1,"image":{"@type":"ImageObject","@id":"https:\/\/secure.gravatar.com\/avatar\/ac70c9e5ac34d1687bd81eed3e0a5127e2920111fdfe832b53d740bc4b86c4fd?s=96&d=mm&r=g","url":"https:\/\/secure.gravatar.com\/avatar\/ac70c9e5ac34d1687bd81eed3e0a5127e2920111fdfe832b53d740bc4b86c4fd?s=96&d=mm&r=g","height":96,"width":96}},"publisher":{"@type":"Organization","name":"bringer.sk","logo":{"@type":"ImageObject","@id":"\/logo.png","url":"\/logo.png","width":600,"height":60}},"image":{"@type":"ImageObject","@id":"https:\/\/www.bringer.sk\/wp-content\/uploads\/img_a285613_w16534_t1520708895.jpg","url":"https:\/\/www.bringer.sk\/wp-content\/uploads\/img_a285613_w16534_t1520708895.jpg","height":0,"width":0},"keywords":null}]}